{"id":1284,"date":"2024-01-12T22:14:33","date_gmt":"2024-01-12T21:14:33","guid":{"rendered":"https:\/\/ljv-sachsen-anhalt.de\/jaegerschaft-halberstadt\/?p=1284"},"modified":"2024-01-25T14:42:50","modified_gmt":"2024-01-25T13:42:50","slug":"wir-jaeger-fuer-unsere-bauern","status":"publish","type":"post","link":"https:\/\/ljv-sachsen-anhalt.de\/jaegerschaft-halberstadt\/wir-jaeger-fuer-unsere-bauern\/","title":{"rendered":"Wir J\u00e4ger f\u00fcr unsere Bauern"},"content":{"rendered":"<div class=\"wpb-content-wrapper\"><p>[vc_row][vc_column][vc_row_inner][vc_column_inner][vc_column_text]<\/p>\n<h4 style=\"text-align: left\"><span style=\"color: #008000\">#J\u00e4gerF\u00fcrBauern\u00a0<\/span><\/h4>\n<p style=\"text-align: left\"><strong>Die Proteste und Demonstrationen der Landwirte gehen in die n\u00e4chste Runde<\/strong>. Unter dem Motto #J\u00e4gerF\u00fcrBauern unterst\u00fctzen wir J\u00e4ger den Protest und stehen an der Seite unserer Bauern!<\/p>\n<p style=\"text-align: left\">Wir J\u00e4ger bekennen Farbe &#8211; Waldgr\u00fcn und jagdliches Orange. Um dies auch sichtbar zu machen, stellt der Deutsche Jagdverband verschiedene Grafiken zur Verf\u00fcgung. Ob zum Teilen in den Sozialen Medien, oder zum selber Ausdrucken f\u00fcr Poster und Plakate. <strong>Bekennt Farbe! Macht mit!\u00a0<\/strong><\/p>\n<h6 style=\"text-align: left\"><span style=\"color: #ff6600\"><a style=\"color: #ff6600\" href=\"https:\/\/www.jagdverband.de\/jaegerfuerbauern\" target=\"_blank\" rel=\"noopener\">\u21d2 Hier geht es zu den Vorlagen<\/a><\/span><\/h6>\n<p style=\"text-align: left\">F\u00fcr weitere Informationen der Landwirte zu Forderungen und Aktionen empfehlen wir diese Seiten:<\/p>\n<ul>\n<li style=\"text-align: left\"><a href=\"https:\/\/www.bauernverband.de\/topartikel\/aktionswoche-agrardiesel\" target=\"_blank\" rel=\"noopener\">Deutscher Bauernverband e.V.<\/a><\/li>\n<li style=\"text-align: left\"><a href=\"https:\/\/www.bauernverband-st.de\/\" target=\"_blank\" rel=\"noopener\">Bauernverband Sachsen-Anhalt e.V.<\/a><\/li>\n<\/ul>\n<p>[\/vc_column_text][\/vc_column_inner][\/vc_row_inner][\/vc_column][\/vc_row][vc_row][vc_column width=&#8220;1\/4&#8243;][\/vc_column][vc_column width=&#8220;1\/2&#8243;][vc_images_carousel images=&#8220;1283,1276,1282,1280,1281,1277,1279,1278&#8243; img_size=&#8220;500&#215;500&#8243; onclick=&#8220;link_no&#8220; speed=&#8220;2000&#8243; autoplay=&#8220;yes&#8220; wrap=&#8220;yes&#8220;][\/vc_column][vc_column width=&#8220;1\/4&#8243;][\/vc_column][\/vc_row]<\/p>\n<\/div>","protected":false},"excerpt":{"rendered":"<p>[vc_row][vc_column][vc_row_inner][vc_column_inner][vc_column_text] #J\u00e4gerF\u00fcrBauern\u00a0 Die Proteste und Demonstrationen der Landwirte gehen in die n\u00e4chste Runde. Unter dem Motto #J\u00e4gerF\u00fcrBauern unterst\u00fctzen wir J\u00e4ger den Protest und stehen an der Seite unserer Bauern! Wir J\u00e4ger bekennen Farbe &#8211; Waldgr\u00fcn und jagdliches Orange. Um dies auch sichtbar zu machen, stellt der Deutsche Jagdverband verschiedene Grafiken [&hellip;]<\/p>\n","protected":false},"author":215,"featured_media":1279,"comment_status":"open","ping_status":"open","sticky":false,"template":"","format":"standard","meta":{"footnotes":""},"categories":[8],"tags":[75,72,73,49,71,74],"class_list":["post-1284","post","type-post","status-publish","format-standard","has-post-thumbnail","category-aktuelles","tag-bauernproteste","tag-dbv","tag-djv","tag-jagd","tag-jaegerfuerbauern","tag-landwirtschaft"],"_links":{"self":[{"href":"https:\/\/ljv-sachsen-anhalt.de\/jaegerschaft-halberstadt\/wp-json\/wp\/v2\/posts\/1284","targetHints":{"allow":["GET"]}}],"collection":[{"href":"https:\/\/ljv-sachsen-anhalt.de\/jaegerschaft-halberstadt\/wp-json\/wp\/v2\/posts"}],"about":[{"href":"https:\/\/ljv-sachsen-anhalt.de\/jaegerschaft-halberstadt\/wp-json\/wp\/v2\/types\/post"}],"author":[{"embeddable":true,"href":"https:\/\/ljv-sachsen-anhalt.de\/jaegerschaft-halberstadt\/wp-json\/wp\/v2\/users\/215"}],"replies":[{"embeddable":true,"href":"https:\/\/ljv-sachsen-anhalt.de\/jaegerschaft-halberstadt\/wp-json\/wp\/v2\/comments?post=1284"}],"version-history":[{"count":13,"href":"https:\/\/ljv-sachsen-anhalt.de\/jaegerschaft-halberstadt\/wp-json\/wp\/v2\/posts\/1284\/revisions"}],"predecessor-version":[{"id":1330,"href":"https:\/\/ljv-sachsen-anhalt.de\/jaegerschaft-halberstadt\/wp-json\/wp\/v2\/posts\/1284\/revisions\/1330"}],"wp:featuredmedia":[{"embeddable":true,"href":"https:\/\/ljv-sachsen-anhalt.de\/jaegerschaft-halberstadt\/wp-json\/wp\/v2\/media\/1279"}],"wp:attachment":[{"href":"https:\/\/ljv-sachsen-anhalt.de\/jaegerschaft-halberstadt\/wp-json\/wp\/v2\/media?parent=1284"}],"wp:term":[{"taxonomy":"category","embeddable":true,"href":"https:\/\/ljv-sachsen-anhalt.de\/jaegerschaft-halberstadt\/wp-json\/wp\/v2\/categories?post=1284"},{"taxonomy":"post_tag","embeddable":true,"href":"https:\/\/ljv-sachsen-anhalt.de\/jaegerschaft-halberstadt\/wp-json\/wp\/v2\/tags?post=1284"}],"curies":[{"name":"wp","href":"https:\/\/api.w.org\/{rel}","templated":true}]}}