{"id":2316,"date":"2025-04-02T16:14:13","date_gmt":"2025-04-02T15:14:13","guid":{"rendered":"https:\/\/ljv-sachsen-anhalt.de\/jaegerschaft-halberstadt\/?p=2316"},"modified":"2025-11-10T18:40:05","modified_gmt":"2025-11-10T17:40:05","slug":"verlaengerung-erlegungspraemie-schwarzwild","status":"publish","type":"post","link":"https:\/\/ljv-sachsen-anhalt.de\/jaegerschaft-halberstadt\/verlaengerung-erlegungspraemie-schwarzwild\/","title":{"rendered":"Verl\u00e4ngerung Erlegungspr\u00e4mie Schwarzwild"},"content":{"rendered":"<div class=\"wpb-content-wrapper\"><p>[vc_row][vc_column width=&#8220;2\/5&#8243;][vc_single_image image=&#8220;2317&#8243; img_size=&#8220;&#8220; add_caption=&#8220;yes&#8220; alignment=&#8220;center&#8220; onclick=&#8220;link_image&#8220;][\/vc_column][vc_column width=&#8220;3\/5&#8243;][vc_column_text]Das LVwA hat im Rahmen der ASP-Pr\u00e4vention die Pr\u00e4mie f\u00fcr Schwarzwild f\u00fcr den Erlegungszeitraum vom <span style=\"color: #008000\"><strong>01. Okt. 2024 &#8211; 30. Sept. 2026<\/strong><\/span> verl\u00e4ngert.<\/p>\n<p>Die <strong>Antragsfristen sind gestaffelt<\/strong>! (siehe Bild)<\/p>\n<p>&nbsp;<\/p>\n<p>N\u00e4here Informationen finden sich auf der Seite des LVwA <a href=\"https:\/\/lvwa.sachsen-anhalt.de\/das-lvwa\/landwirtschaft-umwelt\/agrarwirtschaft-laendliche-raeume-fischerei-forst-und-jagdhoheit\/forst-und-jagd\/jagdhoheit\" target=\"_blank\" rel=\"noopener\">\u21d2HIER<\/a><\/p>\n<p>Das n\u00f6tige Antragsformular findet sich in unseren <a href=\"https:\/\/ljv-sachsen-anhalt.de\/jaegerschaft-halberstadt\/downloads\/\" target=\"_blank\" rel=\"noopener\">\u21d2Downloads<\/a>[\/vc_column_text][\/vc_column][\/vc_row]<\/p>\n<\/div>","protected":false},"excerpt":{"rendered":"<p>[vc_row][vc_column width=&#8220;2\/5&#8243;][vc_single_image image=&#8220;2317&#8243; img_size=&#8220;&#8220; add_caption=&#8220;yes&#8220; alignment=&#8220;center&#8220; onclick=&#8220;link_image&#8220;][\/vc_column][vc_column width=&#8220;3\/5&#8243;][vc_column_text]Das LVwA hat im Rahmen der ASP-Pr\u00e4vention die Pr\u00e4mie f\u00fcr Schwarzwild f\u00fcr den Erlegungszeitraum vom 01. Okt. 2024 &#8211; 30. Sept. 2026 verl\u00e4ngert. Die Antragsfristen sind gestaffelt! (siehe Bild) &nbsp; N\u00e4here Informationen finden sich auf der Seite des LVwA \u21d2HIER Das n\u00f6tige Antragsformular [&hellip;]<\/p>\n","protected":false},"author":215,"featured_media":2317,"comment_status":"closed","ping_status":"closed","sticky":false,"template":"","format":"standard","meta":{"footnotes":""},"categories":[8],"tags":[194,193,37,192,191,38,195,39,81],"class_list":["post-2316","post","type-post","status-publish","format-standard","has-post-thumbnail","category-aktuelles","tag-afrikanische-schweinepest","tag-antragsfrist","tag-asp","tag-erlegungspraemie","tag-jagdabgabe","tag-praemie","tag-praevention","tag-schwarzwild","tag-wildschwein"],"_links":{"self":[{"href":"https:\/\/ljv-sachsen-anhalt.de\/jaegerschaft-halberstadt\/wp-json\/wp\/v2\/posts\/2316","targetHints":{"allow":["GET"]}}],"collection":[{"href":"https:\/\/ljv-sachsen-anhalt.de\/jaegerschaft-halberstadt\/wp-json\/wp\/v2\/posts"}],"about":[{"href":"https:\/\/ljv-sachsen-anhalt.de\/jaegerschaft-halberstadt\/wp-json\/wp\/v2\/types\/post"}],"author":[{"embeddable":true,"href":"https:\/\/ljv-sachsen-anhalt.de\/jaegerschaft-halberstadt\/wp-json\/wp\/v2\/users\/215"}],"replies":[{"embeddable":true,"href":"https:\/\/ljv-sachsen-anhalt.de\/jaegerschaft-halberstadt\/wp-json\/wp\/v2\/comments?post=2316"}],"version-history":[{"count":5,"href":"https:\/\/ljv-sachsen-anhalt.de\/jaegerschaft-halberstadt\/wp-json\/wp\/v2\/posts\/2316\/revisions"}],"predecessor-version":[{"id":2324,"href":"https:\/\/ljv-sachsen-anhalt.de\/jaegerschaft-halberstadt\/wp-json\/wp\/v2\/posts\/2316\/revisions\/2324"}],"wp:featuredmedia":[{"embeddable":true,"href":"https:\/\/ljv-sachsen-anhalt.de\/jaegerschaft-halberstadt\/wp-json\/wp\/v2\/media\/2317"}],"wp:attachment":[{"href":"https:\/\/ljv-sachsen-anhalt.de\/jaegerschaft-halberstadt\/wp-json\/wp\/v2\/media?parent=2316"}],"wp:term":[{"taxonomy":"category","embeddable":true,"href":"https:\/\/ljv-sachsen-anhalt.de\/jaegerschaft-halberstadt\/wp-json\/wp\/v2\/categories?post=2316"},{"taxonomy":"post_tag","embeddable":true,"href":"https:\/\/ljv-sachsen-anhalt.de\/jaegerschaft-halberstadt\/wp-json\/wp\/v2\/tags?post=2316"}],"curies":[{"name":"wp","href":"https:\/\/api.w.org\/{rel}","templated":true}]}}