{"id":1253,"date":"2020-09-30T12:24:58","date_gmt":"2020-09-30T11:24:58","guid":{"rendered":"https:\/\/ljv-sachsen-anhalt.de\/jaegerschaft-quedlinburg\/?p=1253"},"modified":"2026-01-19T20:47:14","modified_gmt":"2026-01-19T19:47:14","slug":"jahreshauptversammlung-2020","status":"publish","type":"post","link":"https:\/\/ljv-sachsen-anhalt.de\/jaegerschaft-quedlinburg\/jahreshauptversammlung-2020\/","title":{"rendered":"Jahreshauptversammlung 2020"},"content":{"rendered":"<div class=\"wpb-content-wrapper\"><p>[vc_row][vc_column width=&#8220;1\/4&#8243;][vc_gallery interval=&#8220;3&#8243; images=&#8220;1050,1051,1054,1053&#8243; img_size=&#8220;full&#8220;][vc_gallery interval=&#8220;3&#8243; images=&#8220;1056,1055,1052&#8243; img_size=&#8220;full&#8220;][\/vc_column][vc_column width=&#8220;3\/4&#8243;][vc_column_text]Die diesj\u00e4hrige Jahreshauptversammlung musste aufgrund der Corona-Krise vom Fr\u00fchjahr in den September verschoben werden. \u201eDas Jahr war chaotisch und gepr\u00e4gt von Ereignissen, die man nicht haben m\u00f6chte\u201c, lautete deshalb auch die Bilanz von Jens Schneidewind, dem Vorsitzenden der J\u00e4gerschaft. Die Aufgaben f\u00fcr die J\u00e4gerschaft sind deshalb aber nicht kleiner geworden. So muss weiterhin der Schwarzwildbestand gesenkt werden, weshalb die J\u00e4gerschaft bei einem Treffen mit dem Landrat noch einmal deutlich gemacht hat, dass eine Aussetzung der Trichinenuntersuchungsgeb\u00fchr notwendig ist. Der Landrat versprach, sich f\u00fcr eine landesweite L\u00f6sung einzusetzen. Jens Schneidewind ging in seinem Rechenschaftsbericht auf die \u00c4nderungen im Landesjagdgesetz und im Bundesnaturschutzgesetz ein und bedankte sich bei allen, die f\u00fcr die J\u00e4gerschaft ehrenamtlich keine Zeit und M\u00fchen scheuen. So bei den Raubwildj\u00e4gern und dem Leiter der \u201eFellwechsel\u201c-Sammelstelle. Angesichts der wirtschaftlichen Schwierigkeiten bei \u201eFellwechsel\u201c wird darum gebeten, auf die Verg\u00fctungen f\u00fcr eingeschickte Tierk\u00f6rper zu verzichten.<\/p>\n<p>Dank gab es auch f\u00fcr Uwe Heinrich und Uwe Lilienthal, die die Umstellung des Vereinsregisters und der Beitragskassierung souver\u00e4n gemeistert haben sowie f\u00fcr alle Hegeringleiter und Obleute f\u00fcr ihren Einsatz. Gleiches gilt f\u00fcr die Schie\u00dfmannschaft und die Harzer Jagdhundefreunde. Diese haben derzeit 30 Mitstreiter, wieder viele Jagdhundehalter unterst\u00fctzt und auf die Pr\u00fcfungen vorbereitet. Als entt\u00e4uschend wird dagegen die Resonanz auf die Hubertusmesse in Ballenstedt eingesch\u00e4tzt und das trotz einer perfekten Organisation. Vor einer gro\u00dfen Herausforderung stehen die Ausbilder und Pr\u00fcfer f\u00fcr den im Oktober beginnenden Jungj\u00e4gerkurs, f\u00fcr den es derzeit 20 Interessenten gibt. So muss noch eine geeignete Ausbildungsst\u00e4tte gefunden werden, in der das erforderliche Hygienekonzept wirksam umgesetzt werden kann.<\/p>\n<p>Als nicht befriedigend stuft Jens Schneidewind das sich derzeit rasant drehende Personalkarussell in der Unteren Jagdbeh\u00f6rde ein. \u201eWir hoffen, dass in absehbarer Zeit alles zu normalen Verh\u00e4ltnissen zur\u00fcckkehrt\u201c, so der Vorsitzende. \u201eInsgesamt ist die J\u00e4gerschaft Quedlinburg auf einem guten Weg. Wir sind eine Gemeinschaft, die entgegen dem allgemeinen Trend schwimmt und sich stabil entwickelt\u201c, so Jens Schneidewind. Weniger guten Nachrichten hatte Kreisj\u00e4germeister Dr. Holger Piegert.\u00a0 So lautet das Ergebnis einer Zusammenkunft des Pr\u00e4sidiums des Landesjagdverbandes, der Vorsitzenden der Harzj\u00e4gerschaften und der Kreisj\u00e4germeister zur Luchs-Muffel-Problematik, dass politisch nicht viel erreicht werden k\u00f6nne. In einem noch zu organisierenden Treffen mit Vertretern aller Landnutzerverb\u00e4nde, soll es darum gehen, k\u00fcnftig \u201emit einer Stimme\u201c zu sprechen \u2013 der Ausgang ist offen. Weiterhin gibt es eine Studie zu den Muffelwildbest\u00e4nden in Deutschland, aus dem ein Positionspapier f\u00fcr Sachsen-Anhalt entsteht. Liegt dieses vor, wird es allen Mitgliedern zur Verf\u00fcgung gestellt. Traditionell wertete Holger Piegert auch die Streckenlisten des abgelaufenen Jagdjahres aus. Dr. Rainer Miethig, Vorstandsmitglied und Amtsleiter der Veterin\u00e4ramtes, informierte dar\u00fcber, dass dem Landkreis die Trichinenuntersuchung im Jahr rund 40000 Euro kostet. Geld, welches der Landkreis bei einer Aussetzung der Geb\u00fchr anderweitig abdecken m\u00fcsste und dies angesichts der Haushaltslage nicht kann.<\/p>\n<p>Dagegen k\u00f6nnen jetzt die Untersuchungsergebnisse und der Wildursprungsschein per E-Mail angefordert werden. Ein entsprechendes Informationsblatt kann beim Veterin\u00e4ramt angefordert werden. Rainer Miethig verwies noch einmal daraufhin, dass im Falle eines ASP-Ausbruches in der Region, das Amt auf Hilfe und Unterst\u00fctzung angewiesen ist, die auch aus den Reihen der J\u00e4gerschaft kommen kann. Ein durchweg positives Ergebnis konnten die Kassenrevisoren Clemens Westermann und Patrick Pl\u00e4ttner verk\u00fcnden. Die Finanzen der J\u00e4gerschaft sind bis ins Detail geordnet sowie nachweisbar alle Ein- und Ausgaben abgerechnet. Der Vorstand und die Kassenrevisoren wurden auf der Jahreshauptversammlung von den Mitgliedern einstimmig entlastet. F\u00fcr ihren Einsatz f\u00fcr die J\u00e4gerschaft wurden in diesem Jahr geehrt und ausgezeichnet: Michael R\u00fcckriem, Wolfgang Bollmann, Matthias B\u00fcttner, Detlef Schilling und Marco Jestram.[\/vc_column_text][\/vc_column][\/vc_row]<\/p>\n<\/div>","protected":false},"excerpt":{"rendered":"<p>[vc_row][vc_column width=&#8220;1\/4&#8243;][vc_gallery interval=&#8220;3&#8243; images=&#8220;1050,1051,1054,1053&#8243; img_size=&#8220;full&#8220;][vc_gallery interval=&#8220;3&#8243; images=&#8220;1056,1055,1052&#8243; img_size=&#8220;full&#8220;][\/vc_column][vc_column width=&#8220;3\/4&#8243;][vc_column_text]Die diesj\u00e4hrige Jahreshauptversammlung musste aufgrund der Corona-Krise vom Fr\u00fchjahr in den September verschoben werden. \u201eDas Jahr war chaotisch und gepr\u00e4gt von Ereignissen, die man nicht haben m\u00f6chte\u201c, lautete deshalb auch die Bilanz von Jens Schneidewind, dem Vorsitzenden der J\u00e4gerschaft. Die Aufgaben f\u00fcr [&hellip;]<\/p>\n","protected":false},"author":52,"featured_media":2293,"comment_status":"open","ping_status":"open","sticky":false,"template":"","format":"standard","meta":{"footnotes":""},"categories":[8],"tags":[],"class_list":["post-1253","post","type-post","status-publish","format-standard","has-post-thumbnail","category-aktuelles"],"_links":{"self":[{"href":"https:\/\/ljv-sachsen-anhalt.de\/jaegerschaft-quedlinburg\/wp-json\/wp\/v2\/posts\/1253","targetHints":{"allow":["GET"]}}],"collection":[{"href":"https:\/\/ljv-sachsen-anhalt.de\/jaegerschaft-quedlinburg\/wp-json\/wp\/v2\/posts"}],"about":[{"href":"https:\/\/ljv-sachsen-anhalt.de\/jaegerschaft-quedlinburg\/wp-json\/wp\/v2\/types\/post"}],"author":[{"embeddable":true,"href":"https:\/\/ljv-sachsen-anhalt.de\/jaegerschaft-quedlinburg\/wp-json\/wp\/v2\/users\/52"}],"replies":[{"embeddable":true,"href":"https:\/\/ljv-sachsen-anhalt.de\/jaegerschaft-quedlinburg\/wp-json\/wp\/v2\/comments?post=1253"}],"version-history":[{"count":4,"href":"https:\/\/ljv-sachsen-anhalt.de\/jaegerschaft-quedlinburg\/wp-json\/wp\/v2\/posts\/1253\/revisions"}],"predecessor-version":[{"id":1285,"href":"https:\/\/ljv-sachsen-anhalt.de\/jaegerschaft-quedlinburg\/wp-json\/wp\/v2\/posts\/1253\/revisions\/1285"}],"wp:featuredmedia":[{"embeddable":true,"href":"https:\/\/ljv-sachsen-anhalt.de\/jaegerschaft-quedlinburg\/wp-json\/wp\/v2\/media\/2293"}],"wp:attachment":[{"href":"https:\/\/ljv-sachsen-anhalt.de\/jaegerschaft-quedlinburg\/wp-json\/wp\/v2\/media?parent=1253"}],"wp:term":[{"taxonomy":"category","embeddable":true,"href":"https:\/\/ljv-sachsen-anhalt.de\/jaegerschaft-quedlinburg\/wp-json\/wp\/v2\/categories?post=1253"},{"taxonomy":"post_tag","embeddable":true,"href":"https:\/\/ljv-sachsen-anhalt.de\/jaegerschaft-quedlinburg\/wp-json\/wp\/v2\/tags?post=1253"}],"curies":[{"name":"wp","href":"https:\/\/api.w.org\/{rel}","templated":true}]}}