{"id":1338,"date":"2020-11-01T17:39:20","date_gmt":"2020-11-01T16:39:20","guid":{"rendered":"https:\/\/ljv-sachsen-anhalt.de\/jaegerschaft-quedlinburg\/?p=1338"},"modified":"2026-01-19T20:47:14","modified_gmt":"2026-01-19T19:47:14","slug":"tierseuchenbekaempfung-afrikanische-schweinepest","status":"publish","type":"post","link":"https:\/\/ljv-sachsen-anhalt.de\/jaegerschaft-quedlinburg\/tierseuchenbekaempfung-afrikanische-schweinepest\/","title":{"rendered":"J\u00e4gerpr\u00fcfung Landkreis Harz"},"content":{"rendered":"<div class=\"wpb-content-wrapper\"><p>[vc_row][vc_column][vc_column_text]Insgesamt 29 Jungj\u00e4geranw\u00e4rter haben sich im Jugendwaldheim \u201e3 Annen\u201c der J\u00e4gerpr\u00fcfung gestellt. 26 absolvierten den m\u00fcndlich-praktischen Teil der Pr\u00fcfung erfolgreich und konnten im Anschluss ihre Zeugnisse in Empfang nehmen. Durch die Corona-Pandemie fand in diesem Jahr mit etwas Versp\u00e4tung die J\u00e4gerpr\u00fcfung statt, hei\u00dft es in einer Pressemitteilung des Landkreises. Und weiter: Insgesamt 29 angehende J\u00e4ger wurden von Dr. Holger Piegert, Vorsitzender der Pr\u00fcfungskommission, und Matthias Blessinger von der Unteren Jagdbeh\u00f6rde des Landkreises Harz begr\u00fc\u00dft. Eine J\u00e4gerpr\u00fcfung besteht aus drei Teilpr\u00fcfungen: Zun\u00e4chst mussten die zuk\u00fcnftigen Jungj\u00e4ger beim praktischen Schie\u00dfen die sichere Handhabung der Waffen und vor allem auch ihre Schie\u00dffertigkeiten unter Beweis stellen. Die anschlie\u00dfende schriftliche Pr\u00fcfung umfasste Fragen aus den Fachgebieten Wildtierkunde, Hege und Jagdbetrieb, \u00d6kologie und Naturschutz, Jagdhundewesen, Waffenkunde, Jagdrecht sowie die Behandlung des erlegten Wildes und die Wildtierkrankheiten, die gerade in der jetzigen Situation der nahenden afrikanischen Schweinepest gro\u00dfe Bedeutung erlangen. Das daf\u00fcr notwendige Wissen hatten sich alle Bewerber im Vorfeld bei einem durch die J\u00e4gerschaften des Landkreises durchgef\u00fchrten Vorbereitungslehrgang, der 120 Ausbildungsstunden zu den sieben Pr\u00fcfungsf\u00e4chern sowie das \u00dcben auf dem Schie\u00dfstand beinhaltete, angeeignet. Die gr\u00f6\u00dfte Herausforderung war f\u00fcr die Pr\u00fcflinge wohl die m\u00fcndlich-praktische Pr\u00fcfung, die im Jugendwaldheim \u201eDrei Annen\u201c stattfand. Hier mussten die Pr\u00fcflinge den sachkundigen Pr\u00fcfern ihr Wissen in den sieben Fachgebieten unter Beweis stellen. Dabei kam es vor allem darauf an, dass die Pr\u00fcflinge den sicheren Umgang mit den Jagdwaffen demonstrieren konnten, die Hegerichtlinie der jagdbaren Tierarten kannten, den Umgang mit dem erlegten Wild als eines der wertvollsten biologischen Lebensmittel, hygienegerecht darstellten und die rechtlichen Grundlagen f\u00fcr die Jagdaus\u00fcbung kannten. Ebenfalls waren der Umgang mit den Jagdhunden und die Ma\u00dfnahmen f\u00fcr eine hegegerechte Jagd gefragt. \u201eDa die J\u00e4gerschaften anerkannte Naturschutzverb\u00e4nde sind, ist es wichtig naturschutzrelevantes Wissen zu pr\u00fcfen. Ein J\u00e4ger sollte also nicht nur die jagdbaren Tiere kennen, sondern dar\u00fcber hinaus auch Pflanzen- und Tierarten bestimmen k\u00f6nnen und sich als Mittler zwischen Naturschutz und Wild-bewirtschaftung verstehen\u201c, so Kreisj\u00e4germeister Holger Piegert. Am Ende des Tages konnten 26 Pr\u00fcflinge gl\u00fccklich ihre Pr\u00fcfungszeugnisse in Empfang nehmen. Matthias Blessinger bedankte sich recht herzlich bei Holger Piegert, den Ausbildern und den Mitgliedern der Pr\u00fcfungskommission f\u00fcr ihre ehrenamtliche T\u00e4tigkeit und das au\u00dferordentlich gro\u00dfe Engagement. Den 26 Jungj\u00e4gern w\u00fcnschten er und der Kreisj\u00e4germeister f\u00fcr die Zukunft viel Weidmannsheil und eine immer sichere Hand.[\/vc_column_text][vc_single_image image=&#8220;1342&#8243; img_size=&#8220;full&#8220;][\/vc_column][\/vc_row]<\/p>\n<\/div>","protected":false},"excerpt":{"rendered":"<p>[vc_row][vc_column][vc_column_text]Insgesamt 29 Jungj\u00e4geranw\u00e4rter haben sich im Jugendwaldheim \u201e3 Annen\u201c der J\u00e4gerpr\u00fcfung gestellt. 26 absolvierten den m\u00fcndlich-praktischen Teil der Pr\u00fcfung erfolgreich und konnten im Anschluss ihre Zeugnisse in Empfang nehmen. Durch die Corona-Pandemie fand in diesem Jahr mit etwas Versp\u00e4tung die J\u00e4gerpr\u00fcfung statt, hei\u00dft es in einer Pressemitteilung des Landkreises. Und [&hellip;]<\/p>\n","protected":false},"author":52,"featured_media":2293,"comment_status":"open","ping_status":"open","sticky":false,"template":"","format":"standard","meta":{"footnotes":""},"categories":[8],"tags":[],"class_list":["post-1338","post","type-post","status-publish","format-standard","has-post-thumbnail","category-aktuelles"],"_links":{"self":[{"href":"https:\/\/ljv-sachsen-anhalt.de\/jaegerschaft-quedlinburg\/wp-json\/wp\/v2\/posts\/1338","targetHints":{"allow":["GET"]}}],"collection":[{"href":"https:\/\/ljv-sachsen-anhalt.de\/jaegerschaft-quedlinburg\/wp-json\/wp\/v2\/posts"}],"about":[{"href":"https:\/\/ljv-sachsen-anhalt.de\/jaegerschaft-quedlinburg\/wp-json\/wp\/v2\/types\/post"}],"author":[{"embeddable":true,"href":"https:\/\/ljv-sachsen-anhalt.de\/jaegerschaft-quedlinburg\/wp-json\/wp\/v2\/users\/52"}],"replies":[{"embeddable":true,"href":"https:\/\/ljv-sachsen-anhalt.de\/jaegerschaft-quedlinburg\/wp-json\/wp\/v2\/comments?post=1338"}],"version-history":[{"count":6,"href":"https:\/\/ljv-sachsen-anhalt.de\/jaegerschaft-quedlinburg\/wp-json\/wp\/v2\/posts\/1338\/revisions"}],"predecessor-version":[{"id":1350,"href":"https:\/\/ljv-sachsen-anhalt.de\/jaegerschaft-quedlinburg\/wp-json\/wp\/v2\/posts\/1338\/revisions\/1350"}],"wp:featuredmedia":[{"embeddable":true,"href":"https:\/\/ljv-sachsen-anhalt.de\/jaegerschaft-quedlinburg\/wp-json\/wp\/v2\/media\/2293"}],"wp:attachment":[{"href":"https:\/\/ljv-sachsen-anhalt.de\/jaegerschaft-quedlinburg\/wp-json\/wp\/v2\/media?parent=1338"}],"wp:term":[{"taxonomy":"category","embeddable":true,"href":"https:\/\/ljv-sachsen-anhalt.de\/jaegerschaft-quedlinburg\/wp-json\/wp\/v2\/categories?post=1338"},{"taxonomy":"post_tag","embeddable":true,"href":"https:\/\/ljv-sachsen-anhalt.de\/jaegerschaft-quedlinburg\/wp-json\/wp\/v2\/tags?post=1338"}],"curies":[{"name":"wp","href":"https:\/\/api.w.org\/{rel}","templated":true}]}}