{"id":1346,"date":"2020-11-01T17:45:02","date_gmt":"2020-11-01T16:45:02","guid":{"rendered":"https:\/\/ljv-sachsen-anhalt.de\/jaegerschaft-quedlinburg\/?p=1346"},"modified":"2026-01-19T20:47:14","modified_gmt":"2026-01-19T19:47:14","slug":"jaegerpruefung-landkreis-harz","status":"publish","type":"post","link":"https:\/\/ljv-sachsen-anhalt.de\/jaegerschaft-quedlinburg\/jaegerpruefung-landkreis-harz\/","title":{"rendered":"Jungj\u00e4gerlehrgang 2020\/2021"},"content":{"rendered":"<div class=\"wpb-content-wrapper\"><p>[vc_row][vc_column][vc_column_text]Im Schloss Ballenstedt hat der Vorsitzende der J\u00e4gerschaft Quedlinburg, Jens Schneidewind, gemeinsam mit den Ausbildern und Kreisj\u00e4germeister Dr. Holger Piegert die Teilnehmer des Jungj\u00e4gerlehrganges 2020\/21 begr\u00fc\u00dft. Neben der \u00dcbergabe der Lehrmaterialien und der Abarbeitung von notwendigen Regularien, wie Datenschutzerkl\u00e4rung und anderes, stand nat\u00fcrlich der Umgang mit den Einschr\u00e4nkungen durch die Corona-Pandemie im Vordergrund. So hat sich die J\u00e4gerschaft erst einmal dazu entschlossen, im November und Dezember keine Ausbildung durchzuf\u00fchren und daf\u00fcr ab Januar die Stundenzahl an den Ausbildungstagen zu erh\u00f6hen, um die R\u00fcckst\u00e4nde abzuarbeiten. \u201eWir wollen und werden keine Ausbildungsstunde ausfallen lassen\u201c, k\u00fcndigte Jens Schneidewind an. Untermauert mit der Hoffnung, dass die pandemiebedingten Einschr\u00e4nkungen dann aufgehoben sind. Angeregt wurde, die Pr\u00fcfungstermine im Juni 2021 in den Juli oder August zu verschieben, um den J\u00e4gerschaften ein gr\u00f6\u00dferes Zeitfenster f\u00fcr ihre Ausbildung einzur\u00e4umen. Dr. Holger Piegert versprach, den Vorschlag der Unteren Jagdbeh\u00f6rde des Landkreises Harz zu unterbreiten.[\/vc_column_text][vc_single_image image=&#8220;1341&#8243; img_size=&#8220;full&#8220;][\/vc_column][\/vc_row]<\/p>\n<\/div>","protected":false},"excerpt":{"rendered":"<p>[vc_row][vc_column][vc_column_text]Im Schloss Ballenstedt hat der Vorsitzende der J\u00e4gerschaft Quedlinburg, Jens Schneidewind, gemeinsam mit den Ausbildern und Kreisj\u00e4germeister Dr. Holger Piegert die Teilnehmer des Jungj\u00e4gerlehrganges 2020\/21 begr\u00fc\u00dft. Neben der \u00dcbergabe der Lehrmaterialien und der Abarbeitung von notwendigen Regularien, wie Datenschutzerkl\u00e4rung und anderes, stand nat\u00fcrlich der Umgang mit den Einschr\u00e4nkungen durch die [&hellip;]<\/p>\n","protected":false},"author":52,"featured_media":2293,"comment_status":"open","ping_status":"open","sticky":false,"template":"","format":"standard","meta":{"footnotes":""},"categories":[8],"tags":[],"class_list":["post-1346","post","type-post","status-publish","format-standard","has-post-thumbnail","category-aktuelles"],"_links":{"self":[{"href":"https:\/\/ljv-sachsen-anhalt.de\/jaegerschaft-quedlinburg\/wp-json\/wp\/v2\/posts\/1346","targetHints":{"allow":["GET"]}}],"collection":[{"href":"https:\/\/ljv-sachsen-anhalt.de\/jaegerschaft-quedlinburg\/wp-json\/wp\/v2\/posts"}],"about":[{"href":"https:\/\/ljv-sachsen-anhalt.de\/jaegerschaft-quedlinburg\/wp-json\/wp\/v2\/types\/post"}],"author":[{"embeddable":true,"href":"https:\/\/ljv-sachsen-anhalt.de\/jaegerschaft-quedlinburg\/wp-json\/wp\/v2\/users\/52"}],"replies":[{"embeddable":true,"href":"https:\/\/ljv-sachsen-anhalt.de\/jaegerschaft-quedlinburg\/wp-json\/wp\/v2\/comments?post=1346"}],"version-history":[{"count":4,"href":"https:\/\/ljv-sachsen-anhalt.de\/jaegerschaft-quedlinburg\/wp-json\/wp\/v2\/posts\/1346\/revisions"}],"predecessor-version":[{"id":1351,"href":"https:\/\/ljv-sachsen-anhalt.de\/jaegerschaft-quedlinburg\/wp-json\/wp\/v2\/posts\/1346\/revisions\/1351"}],"wp:featuredmedia":[{"embeddable":true,"href":"https:\/\/ljv-sachsen-anhalt.de\/jaegerschaft-quedlinburg\/wp-json\/wp\/v2\/media\/2293"}],"wp:attachment":[{"href":"https:\/\/ljv-sachsen-anhalt.de\/jaegerschaft-quedlinburg\/wp-json\/wp\/v2\/media?parent=1346"}],"wp:term":[{"taxonomy":"category","embeddable":true,"href":"https:\/\/ljv-sachsen-anhalt.de\/jaegerschaft-quedlinburg\/wp-json\/wp\/v2\/categories?post=1346"},{"taxonomy":"post_tag","embeddable":true,"href":"https:\/\/ljv-sachsen-anhalt.de\/jaegerschaft-quedlinburg\/wp-json\/wp\/v2\/tags?post=1346"}],"curies":[{"name":"wp","href":"https:\/\/api.w.org\/{rel}","templated":true}]}}