{"id":2665,"date":"2024-04-01T16:04:17","date_gmt":"2024-04-01T15:04:17","guid":{"rendered":"https:\/\/ljv-sachsen-anhalt.de\/jaegerschaft-quedlinburg\/?p=2665"},"modified":"2026-01-19T20:47:13","modified_gmt":"2026-01-19T19:47:13","slug":"vernissage-zu-unserem-fotowettbewerb","status":"publish","type":"post","link":"https:\/\/ljv-sachsen-anhalt.de\/jaegerschaft-quedlinburg\/vernissage-zu-unserem-fotowettbewerb\/","title":{"rendered":"Vernissage zu unserem Fotowettbewerb"},"content":{"rendered":"<div class=\"wpb-content-wrapper\"><p>[vc_row][vc_column][vc_column_text]In den R\u00e4umlichkeiten der Jagdausstellung im Schloss Ballenstedt fand eine bewegende Vernissage statt. Bei dieser Veranstaltung wurden 9-14-j\u00e4hrige Teilnehmer unseres Fotowettbewerbs \u201eWildtiere\u201c geehrt. Die Vernissage begann mit einer herzlichen Begr\u00fc\u00dfung durch Alexander Schr\u00f6der, Hegering Ballenstedt. Die jungen Fotografen hatten die Gelegenheit, ihre Werke zu pr\u00e4sentieren und stolz auf ihre kreativen Beitr\u00e4ge zu sein. Die ausgestellten Fotos zeigten die Vielfalt der heimischen Wildtiere: ein keckes Eichh\u00f6rnchen, Kraniche am Himmel, die Holzbiene, Rotwild und viele mehr. Die Kinder hatten mit viel Leidenschaft und Einfallsreichtum ihre Motive eingefangen und, gem. der Aufgabenstellung, einen Steckbrief zum jeweiligen Tier erstellt. Die Kinder erhielten kleine Preise als Anerkennung f\u00fcr ihre Teilnahme am Fotowettbewerb. Die Vernissage auf dem Schloss Ballenstedt war nicht nur eine Feier der Fotografie, sondern auch eine Gelegenheit, die Verbindung zwischen Natur, Kultur und den jungen Talenten unserer Region zu w\u00fcrdigen. Die stolzen Gesichter der Kinder und ihre Begeisterung f\u00fcr die Tierwelt werden sicherlich noch lange in Erinnerung bleiben.[\/vc_column_text][vc_row_inner][vc_column_inner width=&#8220;1\/2&#8243;][vc_gallery interval=&#8220;3&#8243; images=&#8220;2664,2663,2662,2661,2660,2659,2658,2656,2657&#8243; img_size=&#8220;full&#8220;][\/vc_column_inner][vc_column_inner width=&#8220;1\/2&#8243;][vc_gallery interval=&#8220;3&#8243; images=&#8220;2654,2649,2650,2651,2652,2655&#8243; img_size=&#8220;full&#8220;][\/vc_column_inner][\/vc_row_inner][vc_row_inner][vc_column_inner width=&#8220;1\/3&#8243;][vc_column_text]<strong>Die Platzierungen:<\/strong><\/p>\n<p>Nachwuchspreis:<\/p>\n<p>&nbsp;<\/p>\n<p>&nbsp;<\/p>\n<p>Geschichte + Steckbrief:<\/p>\n<p>&nbsp;<\/p>\n<p>&nbsp;<\/p>\n<p>&nbsp;<\/p>\n<p>Sch\u00f6nstes Bild:<\/p>\n<p>&nbsp;<\/p>\n<p>&nbsp;<\/p>\n<p>Ehrenpreis:[\/vc_column_text][\/vc_column_inner][vc_column_inner width=&#8220;1\/2&#8243;][vc_column_text]<\/p>\n<p>&nbsp;<\/p>\n<p>Clara Schr\u00f6der<\/p>\n<p>&nbsp;<\/p>\n<p>Clemens Krause 3. Platz<\/p>\n<p>Sophia L\u00fcder 2. Platz<\/p>\n<p>Klara R\u00fcckrieme 1. Platz<\/p>\n<p>&nbsp;<\/p>\n<p>Valentin Krause 3. Platz<\/p>\n<p>Kimi Dippe 2. Platz<\/p>\n<p>Margarete Schr\u00f6der 1. Platz<\/p>\n<p>&nbsp;<\/p>\n<p>Friedrich Gawe[\/vc_column_text][\/vc_column_inner][\/vc_row_inner][\/vc_column][\/vc_row]<\/p>\n<\/div>","protected":false},"excerpt":{"rendered":"<p>[vc_row][vc_column][vc_column_text]In den R\u00e4umlichkeiten der Jagdausstellung im Schloss Ballenstedt fand eine bewegende Vernissage statt. Bei dieser Veranstaltung wurden 9-14-j\u00e4hrige Teilnehmer unseres Fotowettbewerbs \u201eWildtiere\u201c geehrt. Die Vernissage begann mit einer herzlichen Begr\u00fc\u00dfung durch Alexander Schr\u00f6der, Hegering Ballenstedt. Die jungen Fotografen hatten die Gelegenheit, ihre Werke zu pr\u00e4sentieren und stolz auf ihre kreativen [&hellip;]<\/p>\n","protected":false},"author":52,"featured_media":2293,"comment_status":"closed","ping_status":"closed","sticky":false,"template":"","format":"standard","meta":{"footnotes":""},"categories":[8],"tags":[],"class_list":["post-2665","post","type-post","status-publish","format-standard","has-post-thumbnail","category-aktuelles"],"_links":{"self":[{"href":"https:\/\/ljv-sachsen-anhalt.de\/jaegerschaft-quedlinburg\/wp-json\/wp\/v2\/posts\/2665","targetHints":{"allow":["GET"]}}],"collection":[{"href":"https:\/\/ljv-sachsen-anhalt.de\/jaegerschaft-quedlinburg\/wp-json\/wp\/v2\/posts"}],"about":[{"href":"https:\/\/ljv-sachsen-anhalt.de\/jaegerschaft-quedlinburg\/wp-json\/wp\/v2\/types\/post"}],"author":[{"embeddable":true,"href":"https:\/\/ljv-sachsen-anhalt.de\/jaegerschaft-quedlinburg\/wp-json\/wp\/v2\/users\/52"}],"replies":[{"embeddable":true,"href":"https:\/\/ljv-sachsen-anhalt.de\/jaegerschaft-quedlinburg\/wp-json\/wp\/v2\/comments?post=2665"}],"version-history":[{"count":11,"href":"https:\/\/ljv-sachsen-anhalt.de\/jaegerschaft-quedlinburg\/wp-json\/wp\/v2\/posts\/2665\/revisions"}],"predecessor-version":[{"id":2685,"href":"https:\/\/ljv-sachsen-anhalt.de\/jaegerschaft-quedlinburg\/wp-json\/wp\/v2\/posts\/2665\/revisions\/2685"}],"wp:featuredmedia":[{"embeddable":true,"href":"https:\/\/ljv-sachsen-anhalt.de\/jaegerschaft-quedlinburg\/wp-json\/wp\/v2\/media\/2293"}],"wp:attachment":[{"href":"https:\/\/ljv-sachsen-anhalt.de\/jaegerschaft-quedlinburg\/wp-json\/wp\/v2\/media?parent=2665"}],"wp:term":[{"taxonomy":"category","embeddable":true,"href":"https:\/\/ljv-sachsen-anhalt.de\/jaegerschaft-quedlinburg\/wp-json\/wp\/v2\/categories?post=2665"},{"taxonomy":"post_tag","embeddable":true,"href":"https:\/\/ljv-sachsen-anhalt.de\/jaegerschaft-quedlinburg\/wp-json\/wp\/v2\/tags?post=2665"}],"curies":[{"name":"wp","href":"https:\/\/api.w.org\/{rel}","templated":true}]}}