{"id":2897,"date":"2024-06-18T14:30:01","date_gmt":"2024-06-18T13:30:01","guid":{"rendered":"https:\/\/ljv-sachsen-anhalt.de\/jaegerschaft-quedlinburg\/?p=2897"},"modified":"2026-01-19T20:47:13","modified_gmt":"2026-01-19T19:47:13","slug":"wir-waren-beim-harzfest-in-osterwieck","status":"publish","type":"post","link":"https:\/\/ljv-sachsen-anhalt.de\/jaegerschaft-quedlinburg\/wir-waren-beim-harzfest-in-osterwieck\/","title":{"rendered":"Wir waren beim Harzfest in Osterwieck"},"content":{"rendered":"<div class=\"wpb-content-wrapper\"><p>[vc_row][vc_column][vc_column_text]Das Harzfest war ein voller Erfolg! Die J\u00e4gerschaft Quedlinburg hat gemeinsam mit den J\u00e4gerschaften Halberstadt und Wernigerode einen tollen Auftritt hingelegt und sich von ihrer besten Seite gezeigt.<\/p>\n<p>Besonders sch\u00f6n war es zu sehen, wie die Kinderaugen vor Begeisterung leuchteten. Zahlreiche Gespr\u00e4che zum Thema Jagd und Naturschutz wurden gef\u00fchrt und es war beeindruckend zu sehen, wie engagiert und informiert die Besucher waren. Es war ein rundum gelungener Tag, der zeigt, dass Jagd und Naturschutz Hand in Hand funktionen kann.<\/p>\n<p>&nbsp;<\/p>\n<p>Fotos: Alex+Lene Schr\u00f6der, Tanja St\u00fcber, Sherin Dippe<\/p>\n<p>[\/vc_column_text][\/vc_column][\/vc_row][vc_row][vc_column][vc_gallery interval=&#8220;3&#8243; images=&#8220;2898,2899,2900,2901,2902,2903,2904,2905,2906,2907,2908&#8243; img_size=&#8220;full&#8220;][\/vc_column][\/vc_row]<\/p>\n<\/div>","protected":false},"excerpt":{"rendered":"<p>[vc_row][vc_column][vc_column_text]Das Harzfest war ein voller Erfolg! Die J\u00e4gerschaft Quedlinburg hat gemeinsam mit den J\u00e4gerschaften Halberstadt und Wernigerode einen tollen Auftritt hingelegt und sich von ihrer besten Seite gezeigt. Besonders sch\u00f6n war es zu sehen, wie die Kinderaugen vor Begeisterung leuchteten. Zahlreiche Gespr\u00e4che zum Thema Jagd und Naturschutz wurden gef\u00fchrt und [&hellip;]<\/p>\n","protected":false},"author":52,"featured_media":2293,"comment_status":"closed","ping_status":"closed","sticky":false,"template":"","format":"standard","meta":{"footnotes":""},"categories":[8],"tags":[],"class_list":["post-2897","post","type-post","status-publish","format-standard","has-post-thumbnail","category-aktuelles"],"_links":{"self":[{"href":"https:\/\/ljv-sachsen-anhalt.de\/jaegerschaft-quedlinburg\/wp-json\/wp\/v2\/posts\/2897","targetHints":{"allow":["GET"]}}],"collection":[{"href":"https:\/\/ljv-sachsen-anhalt.de\/jaegerschaft-quedlinburg\/wp-json\/wp\/v2\/posts"}],"about":[{"href":"https:\/\/ljv-sachsen-anhalt.de\/jaegerschaft-quedlinburg\/wp-json\/wp\/v2\/types\/post"}],"author":[{"embeddable":true,"href":"https:\/\/ljv-sachsen-anhalt.de\/jaegerschaft-quedlinburg\/wp-json\/wp\/v2\/users\/52"}],"replies":[{"embeddable":true,"href":"https:\/\/ljv-sachsen-anhalt.de\/jaegerschaft-quedlinburg\/wp-json\/wp\/v2\/comments?post=2897"}],"version-history":[{"count":1,"href":"https:\/\/ljv-sachsen-anhalt.de\/jaegerschaft-quedlinburg\/wp-json\/wp\/v2\/posts\/2897\/revisions"}],"predecessor-version":[{"id":2909,"href":"https:\/\/ljv-sachsen-anhalt.de\/jaegerschaft-quedlinburg\/wp-json\/wp\/v2\/posts\/2897\/revisions\/2909"}],"wp:featuredmedia":[{"embeddable":true,"href":"https:\/\/ljv-sachsen-anhalt.de\/jaegerschaft-quedlinburg\/wp-json\/wp\/v2\/media\/2293"}],"wp:attachment":[{"href":"https:\/\/ljv-sachsen-anhalt.de\/jaegerschaft-quedlinburg\/wp-json\/wp\/v2\/media?parent=2897"}],"wp:term":[{"taxonomy":"category","embeddable":true,"href":"https:\/\/ljv-sachsen-anhalt.de\/jaegerschaft-quedlinburg\/wp-json\/wp\/v2\/categories?post=2897"},{"taxonomy":"post_tag","embeddable":true,"href":"https:\/\/ljv-sachsen-anhalt.de\/jaegerschaft-quedlinburg\/wp-json\/wp\/v2\/tags?post=2897"}],"curies":[{"name":"wp","href":"https:\/\/api.w.org\/{rel}","templated":true}]}}