{"id":2925,"date":"2024-07-06T10:48:03","date_gmt":"2024-07-06T09:48:03","guid":{"rendered":"https:\/\/ljv-sachsen-anhalt.de\/jaegerschaft-quedlinburg\/?p=2925"},"modified":"2026-01-19T20:47:13","modified_gmt":"2026-01-19T19:47:13","slug":"paula-besucht-ferienkinder","status":"publish","type":"post","link":"https:\/\/ljv-sachsen-anhalt.de\/jaegerschaft-quedlinburg\/paula-besucht-ferienkinder\/","title":{"rendered":"Paula besucht Ferienkinder"},"content":{"rendered":"<div class=\"wpb-content-wrapper\"><p>[vc_row][vc_column][vc_column_text]Unser Falkner Michael R\u00fcckrieme und seine Tochter besuchte die Ferienbetreuung im Hort der Grundschule Mansfeld. Die aufgeregten Ferienkinder freuten sich \u00fcber diese spannende Abwechslung. Begleitet wurde Michael von Uhu-Dame Paula und einem jungen Turmfalken als Pflegekind. Die Kinder erhielten interessante Informationen zur Ern\u00e4hrung und Lebensweise der beiden V\u00f6gel. Wer sich traute, durfte sogar Paula ber\u00fchren. Ein rundum gelungener Tag![\/vc_column_text][\/vc_column][\/vc_row][vc_row][vc_column][vc_gallery interval=&#8220;3&#8243; images=&#8220;2926,2927,2928,2929,2930,2931,2932,2933&#8243; img_size=&#8220;full&#8220;][\/vc_column][\/vc_row]<\/p>\n<\/div>","protected":false},"excerpt":{"rendered":"<p>[vc_row][vc_column][vc_column_text]Unser Falkner Michael R\u00fcckrieme und seine Tochter besuchte die Ferienbetreuung im Hort der Grundschule Mansfeld. Die aufgeregten Ferienkinder freuten sich \u00fcber diese spannende Abwechslung. Begleitet wurde Michael von Uhu-Dame Paula und einem jungen Turmfalken als Pflegekind. Die Kinder erhielten interessante Informationen zur Ern\u00e4hrung und Lebensweise der beiden V\u00f6gel. Wer sich [&hellip;]<\/p>\n","protected":false},"author":52,"featured_media":2293,"comment_status":"closed","ping_status":"closed","sticky":false,"template":"","format":"standard","meta":{"footnotes":""},"categories":[8],"tags":[],"class_list":["post-2925","post","type-post","status-publish","format-standard","has-post-thumbnail","category-aktuelles"],"_links":{"self":[{"href":"https:\/\/ljv-sachsen-anhalt.de\/jaegerschaft-quedlinburg\/wp-json\/wp\/v2\/posts\/2925","targetHints":{"allow":["GET"]}}],"collection":[{"href":"https:\/\/ljv-sachsen-anhalt.de\/jaegerschaft-quedlinburg\/wp-json\/wp\/v2\/posts"}],"about":[{"href":"https:\/\/ljv-sachsen-anhalt.de\/jaegerschaft-quedlinburg\/wp-json\/wp\/v2\/types\/post"}],"author":[{"embeddable":true,"href":"https:\/\/ljv-sachsen-anhalt.de\/jaegerschaft-quedlinburg\/wp-json\/wp\/v2\/users\/52"}],"replies":[{"embeddable":true,"href":"https:\/\/ljv-sachsen-anhalt.de\/jaegerschaft-quedlinburg\/wp-json\/wp\/v2\/comments?post=2925"}],"version-history":[{"count":1,"href":"https:\/\/ljv-sachsen-anhalt.de\/jaegerschaft-quedlinburg\/wp-json\/wp\/v2\/posts\/2925\/revisions"}],"predecessor-version":[{"id":2934,"href":"https:\/\/ljv-sachsen-anhalt.de\/jaegerschaft-quedlinburg\/wp-json\/wp\/v2\/posts\/2925\/revisions\/2934"}],"wp:featuredmedia":[{"embeddable":true,"href":"https:\/\/ljv-sachsen-anhalt.de\/jaegerschaft-quedlinburg\/wp-json\/wp\/v2\/media\/2293"}],"wp:attachment":[{"href":"https:\/\/ljv-sachsen-anhalt.de\/jaegerschaft-quedlinburg\/wp-json\/wp\/v2\/media?parent=2925"}],"wp:term":[{"taxonomy":"category","embeddable":true,"href":"https:\/\/ljv-sachsen-anhalt.de\/jaegerschaft-quedlinburg\/wp-json\/wp\/v2\/categories?post=2925"},{"taxonomy":"post_tag","embeddable":true,"href":"https:\/\/ljv-sachsen-anhalt.de\/jaegerschaft-quedlinburg\/wp-json\/wp\/v2\/tags?post=2925"}],"curies":[{"name":"wp","href":"https:\/\/api.w.org\/{rel}","templated":true}]}}